{"id":94,"date":"2018-05-07T10:34:43","date_gmt":"2018-05-07T08:34:43","guid":{"rendered":"https:\/\/www.aventia.no\/sv\/?p=94"},"modified":"2019-12-10T11:30:52","modified_gmt":"2019-12-10T10:30:52","slug":"kommuntv-i-stockholms-stadshus","status":"publish","type":"post","link":"https:\/\/www.aventia.no\/sv\/2018\/05\/07\/kommuntv-i-stockholms-stadshus\/","title":{"rendered":"KommunTv i Stockholms stadshus"},"content":{"rendered":"<div class=\"single-blog blog-details-img mb-50 blog-single\">\n<div class=\"blog-info\">\n<div class=\"blog-text blog-details-post\">\n<div class=\"single-content\">\n<p>Aventia etablerar sig i Sverige:<\/p>\n<p>Efter att ha erbjudit norska kommuner en stabil streamingl\u00f6sning f\u00f6r politiska m\u00f6ten i \u00f6ver 10 \u00e5r var det p\u00e5 tid att f\u00f6rs\u00f6ka sig p\u00e5 nya nedslagsf\u00e4lt och testa om Kommun TV kunde vara intressant i den svenska marknaden.<br \/>\ntips\u00a0 fr\u00e5n en kollega i moders\u00e4llskapet Screen Media (d\u00e5 OB team) ledde till att man best\u00e4mde sig f\u00f6r att detta var n\u00e5got som kunde vara v\u00e4rt att satsa p\u00e5.<\/p>\n<p>Man s\u00e5g ganska snabbt att, ja, helt klart!, I Sverige finns det ett stort potential och b\u00f6rjade arbeta med research som kunde leda n\u00e4rmare m\u00e5let om att implemtera Aventia KommunTV hos en svensk kommun.<\/p>\n<p>Man uppt\u00e4ckte med detta att det var mer konkurrens i Sverige \u00e4n i Norge och att dem p\u00e5 andra sidan gr\u00e4nsen \u00e4ven var vana vid att g\u00f6ra saker p\u00e5 ett lite annorlunda s\u00e4tt \u00e4n vi i Norge n\u00e4r det kom till just detta med att direkts\u00e4nda politiska m\u00f6ten.<\/p>\n<p>I Sverige har m\u00e5nga kommuner endast erbjudit sina inv\u00e5nare radios\u00e4ndningar, eller en enkel s\u00e4ndning via gratistj\u00e4nster med ett relativt mediokert resultat. Kanske \u00e4r detta i tro om att det kr\u00e4vs mycket bakom en direkts\u00e4ndning och framf\u00f6rallt att det \u00e4r en mycket kostbar investering.<\/p>\n<p>F\u00f6r att f\u00e5 input s\u00e5 kontaktades samarbetspartners i Sverige som jobbar inom samma bransch men d\u00e5 prim\u00e4rt med upm\u00f6te och voteringssystem.<br \/>\nMen ocks\u00e5 till viss grad direkts\u00e4ndning av kommunfullm\u00e4ktige, per d\u00e5 anv\u00e4nde dessa en annan plattform f\u00f6r streaming, F\u00f6r dem var det h\u00f6gaktuellt med en ny samarbetspartner p\u00e5 just den biten och sommaren 2016 b\u00f6rjade Q enter i Sverige och Avetia i Norge att sp\u00e5na p\u00e5 en l\u00f6sning som kunde ta svenska kommuner med storm.<br \/>\nF\u00f6r Aventias del ville man v\u00e4nta med lanseringen d\u00e5 den senaste versionen av plattformen OVP 5 var r\u00e4tt runt h\u00f6rnet.<\/p>\n<p>Q Enter arbetade med att byta underleverant\u00f6r och efter ett \u00e5rs arbete s\u00e5 var den f\u00f6rsta kommunen Sundbyberg klara f\u00f6r att direkts\u00e4nda kommunfullm\u00e4ktige m\u00f6ten p\u00e5 Aventias senaste plattform OVP 5. Efter f\u00f6ljde sedan upplands V\u00e4sby.<\/p>\n<p>Under sensommaren fick man en sp\u00e4nnande anbudsf\u00f6rfr\u00e5gan fr\u00e5n hela Sveriges h\u00f6gkvarter, Stockholms stadshus. Aventia i samarbete med Q Enter levererade ett tillbud och blev utvalda som leverant\u00f6rer, det visar helt klart kvaliteten i produkten Aventia Kommun TV, Implementeringen i Stockholms stadshus \u00e4r s\u00e5klart en leverns som f\u00f6retaget \u00e4r stolta \u00f6ver.<\/p>\n<p>Detta var en milstolpe f\u00f6r Aventia och s\u00e4llskapet hade stor tro p\u00e5 att framtiden var ljus. Man ville f\u00f6rs\u00f6ka anst\u00e4lla en dedikerad person med svensk bakgrund f\u00f6r att arbeta vidare med etableringen i Sverige, i Septemper 2017 b\u00f6rjade man leta efter en engagerad s\u00e4ljare f\u00f6r att tackla denna uppgift. Med kontor p\u00e5 den norska \u00f6n N\u00f8tter\u00f8y ca 1 timma s\u00f6der om Oslo var nedslagsf\u00e4ltet kanske inte det st\u00f6rsta.<\/p>\n<p>Men efter m\u00e5nga intervju runder lyckades man landa ett kontrakt med Anna Kristensen. Tidigare anst\u00e4lld i flygs\u00e4llskapet Norwegian och utbildad inom Retail Marketing.<br \/>\nAnna tilltr\u00e4dde rollen som s\u00e4ljare i Januari 2018 och per idag ligger flera tillbud ute runt omkring i svenska kommuner.<br \/>\nDetta \u00e4r starten p\u00e5 n\u00e5got st\u00f6rre och vi i Aventia tror att Svenska kommuner vill kunna se nyttoeffekten vid att sj\u00e4lva kunna administrera l\u00f6sningen med samtidigt f\u00e5 ett gott resultat.<\/p>\n<\/div>\n<\/div>\n<\/div>\n<\/div>\n<div class=\"comment-form-wrapper\">\n<div id=\"respond\" class=\"comment-respond\">\n<h3 id=\"reply-title\" class=\"comment-reply-title\"><\/h3>\n<\/div>\n<\/div>\n","protected":false},"excerpt":{"rendered":"<p>Aventia etablerar sig i Sverige: Efter att ha erbjudit norska kommuner en stabil streamingl\u00f6sning f\u00f6r politiska m\u00f6ten i \u00f6ver 10 \u00e5r var det p\u00e5 tid att f\u00f6rs\u00f6ka sig p\u00e5 nya nedslagsf\u00e4lt och testa om Kommun TV kunde vara intressant i den svenska marknaden. tips\u00a0 fr\u00e5n en kollega i moders\u00e4llskapet Screen Media (d\u00e5 OB team) ledde [&hellip;]<\/p>\n","protected":false},"author":1,"featured_media":96,"comment_status":"open","ping_status":"open","sticky":false,"template":"","format":"standard","meta":[],"categories":[3],"tags":[],"yoast_head":"<!-- This site is optimized with the Yoast SEO plugin v19.5.1 - https:\/\/yoast.com\/wordpress\/plugins\/seo\/ -->\r\n<title>KommunTv i Stockholms stadshus - Aventia AS - Sverige<\/title>\r\n<meta name=\"robots\" content=\"index, follow, max-snippet:-1, max-image-preview:large, max-video-preview:-1\" \/>\r\n<link rel=\"canonical\" href=\"https:\/\/www.aventia.no\/sv\/2018\/05\/07\/kommuntv-i-stockholms-stadshus\/\" \/>\r\n<meta property=\"og:locale\" content=\"sv_SE\" \/>\r\n<meta property=\"og:type\" content=\"article\" \/>\r\n<meta property=\"og:title\" content=\"KommunTv i Stockholms stadshus - Aventia AS - Sverige\" \/>\r\n<meta property=\"og:description\" content=\"Aventia etablerar sig i Sverige: Efter att ha erbjudit norska kommuner en stabil streamingl\u00f6sning f\u00f6r politiska m\u00f6ten i \u00f6ver 10 \u00e5r var det p\u00e5 tid att f\u00f6rs\u00f6ka sig p\u00e5 nya nedslagsf\u00e4lt och testa om Kommun TV kunde vara intressant i den svenska marknaden. tips\u00a0 fr\u00e5n en kollega i moders\u00e4llskapet Screen Media (d\u00e5 OB team) ledde [&hellip;]\" \/>\r\n<meta property=\"og:url\" content=\"https:\/\/www.aventia.no\/sv\/2018\/05\/07\/kommuntv-i-stockholms-stadshus\/\" \/>\r\n<meta property=\"og:site_name\" content=\"Aventia AS - Sverige\" \/>\r\n<meta property=\"article:published_time\" content=\"2018-05-07T08:34:43+00:00\" \/>\r\n<meta property=\"article:modified_time\" content=\"2019-12-10T10:30:52+00:00\" \/>\r\n<meta property=\"og:image\" content=\"https:\/\/www.aventia.no\/sv\/wp-content\/uploads\/sites\/4\/2019\/12\/stockholm-stadshus.jpg\" \/>\r\n\t<meta property=\"og:image:width\" content=\"1280\" \/>\r\n\t<meta property=\"og:image:height\" content=\"720\" \/>\r\n\t<meta property=\"og:image:type\" content=\"image\/jpeg\" \/>\r\n<meta name=\"author\" content=\"aventia\" \/>\r\n<meta name=\"twitter:card\" content=\"summary_large_image\" \/>\r\n<meta name=\"twitter:label1\" content=\"Skriven av\" \/>\n\t<meta name=\"twitter:data1\" content=\"aventia\" \/>\n\t<meta name=\"twitter:label2\" content=\"Ber\u00e4knad l\u00e4stid\" \/>\n\t<meta name=\"twitter:data2\" content=\"3 minuter\" \/>\r\n<script type=\"application\/ld+json\" class=\"yoast-schema-graph\">{\"@context\":\"https:\/\/schema.org\",\"@graph\":[{\"@type\":\"WebPage\",\"@id\":\"https:\/\/www.aventia.no\/sv\/2018\/05\/07\/kommuntv-i-stockholms-stadshus\/\",\"url\":\"https:\/\/www.aventia.no\/sv\/2018\/05\/07\/kommuntv-i-stockholms-stadshus\/\",\"name\":\"KommunTv i Stockholms stadshus - Aventia AS - Sverige\",\"isPartOf\":{\"@id\":\"https:\/\/www.aventia.no\/sv\/#website\"},\"datePublished\":\"2018-05-07T08:34:43+00:00\",\"dateModified\":\"2019-12-10T10:30:52+00:00\",\"author\":{\"@id\":\"https:\/\/www.aventia.no\/sv\/#\/schema\/person\/2ae2c1ff5fce8346647be2eb4fb84606\"},\"breadcrumb\":{\"@id\":\"https:\/\/www.aventia.no\/sv\/2018\/05\/07\/kommuntv-i-stockholms-stadshus\/#breadcrumb\"},\"inLanguage\":\"sv-SE\",\"potentialAction\":[{\"@type\":\"ReadAction\",\"target\":[\"https:\/\/www.aventia.no\/sv\/2018\/05\/07\/kommuntv-i-stockholms-stadshus\/\"]}]},{\"@type\":\"BreadcrumbList\",\"@id\":\"https:\/\/www.aventia.no\/sv\/2018\/05\/07\/kommuntv-i-stockholms-stadshus\/#breadcrumb\",\"itemListElement\":[{\"@type\":\"ListItem\",\"position\":1,\"name\":\"Home\",\"item\":\"https:\/\/www.aventia.no\/sv\/\"},{\"@type\":\"ListItem\",\"position\":2,\"name\":\"KommunTv i Stockholms stadshus\"}]},{\"@type\":\"WebSite\",\"@id\":\"https:\/\/www.aventia.no\/sv\/#website\",\"url\":\"https:\/\/www.aventia.no\/sv\/\",\"name\":\"Aventia AS - Sverige\",\"description\":\"Streaming for everyone\",\"potentialAction\":[{\"@type\":\"SearchAction\",\"target\":{\"@type\":\"EntryPoint\",\"urlTemplate\":\"https:\/\/www.aventia.no\/sv\/?s={search_term_string}\"},\"query-input\":\"required name=search_term_string\"}],\"inLanguage\":\"sv-SE\"},{\"@type\":\"Person\",\"@id\":\"https:\/\/www.aventia.no\/sv\/#\/schema\/person\/2ae2c1ff5fce8346647be2eb4fb84606\",\"name\":\"aventia\",\"image\":{\"@type\":\"ImageObject\",\"inLanguage\":\"sv-SE\",\"@id\":\"https:\/\/www.aventia.no\/sv\/#\/schema\/person\/image\/\",\"url\":\"https:\/\/secure.gravatar.com\/avatar\/ed8991526ac795e752ec5e965a1c6d6d?s=96&d=mm&r=g\",\"contentUrl\":\"https:\/\/secure.gravatar.com\/avatar\/ed8991526ac795e752ec5e965a1c6d6d?s=96&d=mm&r=g\",\"caption\":\"aventia\"},\"url\":\"https:\/\/www.aventia.no\/sv\/author\/aventia\/\"}]}<\/script>\r\n<!-- \/ Yoast SEO plugin. -->","yoast_head_json":{"title":"KommunTv i Stockholms stadshus - Aventia AS - Sverige","robots":{"index":"index","follow":"follow","max-snippet":"max-snippet:-1","max-image-preview":"max-image-preview:large","max-video-preview":"max-video-preview:-1"},"canonical":"https:\/\/www.aventia.no\/sv\/2018\/05\/07\/kommuntv-i-stockholms-stadshus\/","og_locale":"sv_SE","og_type":"article","og_title":"KommunTv i Stockholms stadshus - Aventia AS - Sverige","og_description":"Aventia etablerar sig i Sverige: Efter att ha erbjudit norska kommuner en stabil streamingl\u00f6sning f\u00f6r politiska m\u00f6ten i \u00f6ver 10 \u00e5r var det p\u00e5 tid att f\u00f6rs\u00f6ka sig p\u00e5 nya nedslagsf\u00e4lt och testa om Kommun TV kunde vara intressant i den svenska marknaden. tips\u00a0 fr\u00e5n en kollega i moders\u00e4llskapet Screen Media (d\u00e5 OB team) ledde [&hellip;]","og_url":"https:\/\/www.aventia.no\/sv\/2018\/05\/07\/kommuntv-i-stockholms-stadshus\/","og_site_name":"Aventia AS - Sverige","article_published_time":"2018-05-07T08:34:43+00:00","article_modified_time":"2019-12-10T10:30:52+00:00","og_image":[{"width":1280,"height":720,"url":"https:\/\/www.aventia.no\/sv\/wp-content\/uploads\/sites\/4\/2019\/12\/stockholm-stadshus.jpg","type":"image\/jpeg"}],"author":"aventia","twitter_card":"summary_large_image","twitter_misc":{"Skriven av":"aventia","Ber\u00e4knad l\u00e4stid":"3 minuter"},"schema":{"@context":"https:\/\/schema.org","@graph":[{"@type":"WebPage","@id":"https:\/\/www.aventia.no\/sv\/2018\/05\/07\/kommuntv-i-stockholms-stadshus\/","url":"https:\/\/www.aventia.no\/sv\/2018\/05\/07\/kommuntv-i-stockholms-stadshus\/","name":"KommunTv i Stockholms stadshus - Aventia AS - Sverige","isPartOf":{"@id":"https:\/\/www.aventia.no\/sv\/#website"},"datePublished":"2018-05-07T08:34:43+00:00","dateModified":"2019-12-10T10:30:52+00:00","author":{"@id":"https:\/\/www.aventia.no\/sv\/#\/schema\/person\/2ae2c1ff5fce8346647be2eb4fb84606"},"breadcrumb":{"@id":"https:\/\/www.aventia.no\/sv\/2018\/05\/07\/kommuntv-i-stockholms-stadshus\/#breadcrumb"},"inLanguage":"sv-SE","potentialAction":[{"@type":"ReadAction","target":["https:\/\/www.aventia.no\/sv\/2018\/05\/07\/kommuntv-i-stockholms-stadshus\/"]}]},{"@type":"BreadcrumbList","@id":"https:\/\/www.aventia.no\/sv\/2018\/05\/07\/kommuntv-i-stockholms-stadshus\/#breadcrumb","itemListElement":[{"@type":"ListItem","position":1,"name":"Home","item":"https:\/\/www.aventia.no\/sv\/"},{"@type":"ListItem","position":2,"name":"KommunTv i Stockholms stadshus"}]},{"@type":"WebSite","@id":"https:\/\/www.aventia.no\/sv\/#website","url":"https:\/\/www.aventia.no\/sv\/","name":"Aventia AS - Sverige","description":"Streaming for everyone","potentialAction":[{"@type":"SearchAction","target":{"@type":"EntryPoint","urlTemplate":"https:\/\/www.aventia.no\/sv\/?s={search_term_string}"},"query-input":"required name=search_term_string"}],"inLanguage":"sv-SE"},{"@type":"Person","@id":"https:\/\/www.aventia.no\/sv\/#\/schema\/person\/2ae2c1ff5fce8346647be2eb4fb84606","name":"aventia","image":{"@type":"ImageObject","inLanguage":"sv-SE","@id":"https:\/\/www.aventia.no\/sv\/#\/schema\/person\/image\/","url":"https:\/\/secure.gravatar.com\/avatar\/ed8991526ac795e752ec5e965a1c6d6d?s=96&d=mm&r=g","contentUrl":"https:\/\/secure.gravatar.com\/avatar\/ed8991526ac795e752ec5e965a1c6d6d?s=96&d=mm&r=g","caption":"aventia"},"url":"https:\/\/www.aventia.no\/sv\/author\/aventia\/"}]}},"_links":{"self":[{"href":"https:\/\/www.aventia.no\/sv\/wp-json\/wp\/v2\/posts\/94"}],"collection":[{"href":"https:\/\/www.aventia.no\/sv\/wp-json\/wp\/v2\/posts"}],"about":[{"href":"https:\/\/www.aventia.no\/sv\/wp-json\/wp\/v2\/types\/post"}],"author":[{"embeddable":true,"href":"https:\/\/www.aventia.no\/sv\/wp-json\/wp\/v2\/users\/1"}],"replies":[{"embeddable":true,"href":"https:\/\/www.aventia.no\/sv\/wp-json\/wp\/v2\/comments?post=94"}],"version-history":[{"count":1,"href":"https:\/\/www.aventia.no\/sv\/wp-json\/wp\/v2\/posts\/94\/revisions"}],"predecessor-version":[{"id":95,"href":"https:\/\/www.aventia.no\/sv\/wp-json\/wp\/v2\/posts\/94\/revisions\/95"}],"wp:featuredmedia":[{"embeddable":true,"href":"https:\/\/www.aventia.no\/sv\/wp-json\/wp\/v2\/media\/96"}],"wp:attachment":[{"href":"https:\/\/www.aventia.no\/sv\/wp-json\/wp\/v2\/media?parent=94"}],"wp:term":[{"taxonomy":"category","embeddable":true,"href":"https:\/\/www.aventia.no\/sv\/wp-json\/wp\/v2\/categories?post=94"},{"taxonomy":"post_tag","embeddable":true,"href":"https:\/\/www.aventia.no\/sv\/wp-json\/wp\/v2\/tags?post=94"}],"curies":[{"name":"wp","href":"https:\/\/api.w.org\/{rel}","templated":true}]}}