{"id":91,"date":"2018-09-23T10:24:45","date_gmt":"2018-09-23T08:24:45","guid":{"rendered":"https:\/\/www.aventia.no\/sv\/?p=91"},"modified":"2019-12-10T10:37:15","modified_gmt":"2019-12-10T09:37:15","slug":"aventia-kommutv-kommek-malmo","status":"publish","type":"post","link":"https:\/\/www.aventia.no\/sv\/2018\/09\/23\/aventia-kommutv-kommek-malmo\/","title":{"rendered":"Aventia KommuTV Kommek Malm\u00f6"},"content":{"rendered":"<p>S\u00e5 var det dags f\u00f6r Aventia att resa p\u00e5 \u00e5rets happening i offentlig sektor i Sverige, n\u00e4mligen Kommek 2018 i Malm\u00f6.<\/p>\n<p>Vi begav oss mot Torp flygplats tidigt p\u00e5 morgonen och v\u00e4skorna var fullpackade med olika typ av utrustning som var tillt\u00e4nkt v\u00e5r monter plats under m\u00e4ssan.<\/p>\n<p>Kommek arrangeras vart annat \u00e5r och har \u00f6ver 3.500 deltagare inom offentlig sektor, mycket tj\u00e4nstem\u00e4n fr\u00e5n alla Sverige olika h\u00f6rn fanns representerade.<\/p>\n<p>Under de 2 dagarna Kommek p\u00e5gick var det stora f\u00f6redrag p\u00e5 de olika scenerna och ocks\u00e5 en stor m\u00e4sshall med en m\u00e4ngd olika utst\u00e4llare fr\u00e5n privat sektor.<\/p>\n<p>Vi i Aventia hade en monter p\u00e5 plats d\u00e4r vi kunde visa fram v\u00e5r l\u00f6sning i sin helhet, s\u00e5 att kommunsekreterare och andra tillt\u00e4nkta personer skulle kunna se p\u00e5 l\u00f6sningen men \u00e4ven sj\u00e4lv pr\u00f6va den. Vi hade \u00e4ven en t\u00e4vling som gick ut p\u00e5 att man kort skulle g\u00f6ra ett direkts\u00e4nd\u00a0inslag om f\u00f6rdelar med kommunen man representerade. Vinnaren fick en fin Go Pro kamera som premie.<\/p>\n<p>Vi hade stor p\u00e5 g\u00e5ng i montern och massa intressanta samtal med potentiella kunder, det var stor genomstr\u00f6mning i m\u00e4sshallen och\u00a0 till tider v\u00e4ldigt mycket folk.<\/p>\n<p>Arrangemanget var mycket v\u00e4l genomf\u00f6rt och vi i Aventia finns s\u00e5klart p\u00e5 plats och erbjuder kommuner \u00f6kad medborgardialog \u00e4ven under Kommek 2020<\/p>\n","protected":false},"excerpt":{"rendered":"<p>S\u00e5 var det dags f\u00f6r Aventia att resa p\u00e5 \u00e5rets happening i offentlig sektor i Sverige, n\u00e4mligen Kommek 2018 i Malm\u00f6. Vi begav oss mot Torp flygplats tidigt p\u00e5 morgonen och v\u00e4skorna var fullpackade med olika typ av utrustning som var tillt\u00e4nkt v\u00e5r monter plats under m\u00e4ssan. Kommek arrangeras vart annat \u00e5r och har \u00f6ver [&hellip;]<\/p>\n","protected":false},"author":1,"featured_media":92,"comment_status":"open","ping_status":"open","sticky":false,"template":"","format":"standard","meta":[],"categories":[3],"tags":[],"yoast_head":"<!-- This site is optimized with the Yoast SEO plugin v19.5.1 - https:\/\/yoast.com\/wordpress\/plugins\/seo\/ -->\r\n<title>Aventia KommuTV Kommek Malm\u00f6 - Aventia AS - Sverige<\/title>\r\n<meta name=\"robots\" content=\"index, follow, max-snippet:-1, max-image-preview:large, max-video-preview:-1\" \/>\r\n<link rel=\"canonical\" href=\"https:\/\/www.aventia.no\/sv\/2018\/09\/23\/aventia-kommutv-kommek-malmo\/\" \/>\r\n<meta property=\"og:locale\" content=\"sv_SE\" \/>\r\n<meta property=\"og:type\" content=\"article\" \/>\r\n<meta property=\"og:title\" content=\"Aventia KommuTV Kommek Malm\u00f6 - Aventia AS - Sverige\" \/>\r\n<meta property=\"og:description\" content=\"S\u00e5 var det dags f\u00f6r Aventia att resa p\u00e5 \u00e5rets happening i offentlig sektor i Sverige, n\u00e4mligen Kommek 2018 i Malm\u00f6. Vi begav oss mot Torp flygplats tidigt p\u00e5 morgonen och v\u00e4skorna var fullpackade med olika typ av utrustning som var tillt\u00e4nkt v\u00e5r monter plats under m\u00e4ssan. Kommek arrangeras vart annat \u00e5r och har \u00f6ver [&hellip;]\" \/>\r\n<meta property=\"og:url\" content=\"https:\/\/www.aventia.no\/sv\/2018\/09\/23\/aventia-kommutv-kommek-malmo\/\" \/>\r\n<meta property=\"og:site_name\" content=\"Aventia AS - Sverige\" \/>\r\n<meta property=\"article:published_time\" content=\"2018-09-23T08:24:45+00:00\" \/>\r\n<meta property=\"article:modified_time\" content=\"2019-12-10T09:37:15+00:00\" \/>\r\n<meta property=\"og:image\" content=\"https:\/\/www.aventia.no\/sv\/wp-content\/uploads\/sites\/4\/2019\/12\/Kommek-Bilde-hemsida.jpg\" \/>\r\n\t<meta property=\"og:image:width\" content=\"1452\" \/>\r\n\t<meta property=\"og:image:height\" content=\"1089\" \/>\r\n\t<meta property=\"og:image:type\" content=\"image\/jpeg\" \/>\r\n<meta name=\"author\" content=\"aventia\" \/>\r\n<meta name=\"twitter:card\" content=\"summary_large_image\" \/>\r\n<meta name=\"twitter:label1\" content=\"Skriven av\" \/>\n\t<meta name=\"twitter:data1\" content=\"aventia\" \/>\n\t<meta name=\"twitter:label2\" content=\"Ber\u00e4knad l\u00e4stid\" \/>\n\t<meta name=\"twitter:data2\" content=\"1 minut\" \/>\r\n<script type=\"application\/ld+json\" class=\"yoast-schema-graph\">{\"@context\":\"https:\/\/schema.org\",\"@graph\":[{\"@type\":\"WebPage\",\"@id\":\"https:\/\/www.aventia.no\/sv\/2018\/09\/23\/aventia-kommutv-kommek-malmo\/\",\"url\":\"https:\/\/www.aventia.no\/sv\/2018\/09\/23\/aventia-kommutv-kommek-malmo\/\",\"name\":\"Aventia KommuTV Kommek Malm\u00f6 - Aventia AS - Sverige\",\"isPartOf\":{\"@id\":\"https:\/\/www.aventia.no\/sv\/#website\"},\"datePublished\":\"2018-09-23T08:24:45+00:00\",\"dateModified\":\"2019-12-10T09:37:15+00:00\",\"author\":{\"@id\":\"https:\/\/www.aventia.no\/sv\/#\/schema\/person\/2ae2c1ff5fce8346647be2eb4fb84606\"},\"breadcrumb\":{\"@id\":\"https:\/\/www.aventia.no\/sv\/2018\/09\/23\/aventia-kommutv-kommek-malmo\/#breadcrumb\"},\"inLanguage\":\"sv-SE\",\"potentialAction\":[{\"@type\":\"ReadAction\",\"target\":[\"https:\/\/www.aventia.no\/sv\/2018\/09\/23\/aventia-kommutv-kommek-malmo\/\"]}]},{\"@type\":\"BreadcrumbList\",\"@id\":\"https:\/\/www.aventia.no\/sv\/2018\/09\/23\/aventia-kommutv-kommek-malmo\/#breadcrumb\",\"itemListElement\":[{\"@type\":\"ListItem\",\"position\":1,\"name\":\"Home\",\"item\":\"https:\/\/www.aventia.no\/sv\/\"},{\"@type\":\"ListItem\",\"position\":2,\"name\":\"Aventia KommuTV Kommek Malm\u00f6\"}]},{\"@type\":\"WebSite\",\"@id\":\"https:\/\/www.aventia.no\/sv\/#website\",\"url\":\"https:\/\/www.aventia.no\/sv\/\",\"name\":\"Aventia AS - Sverige\",\"description\":\"Streaming for everyone\",\"potentialAction\":[{\"@type\":\"SearchAction\",\"target\":{\"@type\":\"EntryPoint\",\"urlTemplate\":\"https:\/\/www.aventia.no\/sv\/?s={search_term_string}\"},\"query-input\":\"required name=search_term_string\"}],\"inLanguage\":\"sv-SE\"},{\"@type\":\"Person\",\"@id\":\"https:\/\/www.aventia.no\/sv\/#\/schema\/person\/2ae2c1ff5fce8346647be2eb4fb84606\",\"name\":\"aventia\",\"image\":{\"@type\":\"ImageObject\",\"inLanguage\":\"sv-SE\",\"@id\":\"https:\/\/www.aventia.no\/sv\/#\/schema\/person\/image\/\",\"url\":\"https:\/\/secure.gravatar.com\/avatar\/ed8991526ac795e752ec5e965a1c6d6d?s=96&d=mm&r=g\",\"contentUrl\":\"https:\/\/secure.gravatar.com\/avatar\/ed8991526ac795e752ec5e965a1c6d6d?s=96&d=mm&r=g\",\"caption\":\"aventia\"},\"url\":\"https:\/\/www.aventia.no\/sv\/author\/aventia\/\"}]}<\/script>\r\n<!-- \/ Yoast SEO plugin. -->","yoast_head_json":{"title":"Aventia KommuTV Kommek Malm\u00f6 - Aventia AS - Sverige","robots":{"index":"index","follow":"follow","max-snippet":"max-snippet:-1","max-image-preview":"max-image-preview:large","max-video-preview":"max-video-preview:-1"},"canonical":"https:\/\/www.aventia.no\/sv\/2018\/09\/23\/aventia-kommutv-kommek-malmo\/","og_locale":"sv_SE","og_type":"article","og_title":"Aventia KommuTV Kommek Malm\u00f6 - Aventia AS - Sverige","og_description":"S\u00e5 var det dags f\u00f6r Aventia att resa p\u00e5 \u00e5rets happening i offentlig sektor i Sverige, n\u00e4mligen Kommek 2018 i Malm\u00f6. Vi begav oss mot Torp flygplats tidigt p\u00e5 morgonen och v\u00e4skorna var fullpackade med olika typ av utrustning som var tillt\u00e4nkt v\u00e5r monter plats under m\u00e4ssan. Kommek arrangeras vart annat \u00e5r och har \u00f6ver [&hellip;]","og_url":"https:\/\/www.aventia.no\/sv\/2018\/09\/23\/aventia-kommutv-kommek-malmo\/","og_site_name":"Aventia AS - Sverige","article_published_time":"2018-09-23T08:24:45+00:00","article_modified_time":"2019-12-10T09:37:15+00:00","og_image":[{"width":1452,"height":1089,"url":"https:\/\/www.aventia.no\/sv\/wp-content\/uploads\/sites\/4\/2019\/12\/Kommek-Bilde-hemsida.jpg","type":"image\/jpeg"}],"author":"aventia","twitter_card":"summary_large_image","twitter_misc":{"Skriven av":"aventia","Ber\u00e4knad l\u00e4stid":"1 minut"},"schema":{"@context":"https:\/\/schema.org","@graph":[{"@type":"WebPage","@id":"https:\/\/www.aventia.no\/sv\/2018\/09\/23\/aventia-kommutv-kommek-malmo\/","url":"https:\/\/www.aventia.no\/sv\/2018\/09\/23\/aventia-kommutv-kommek-malmo\/","name":"Aventia KommuTV Kommek Malm\u00f6 - Aventia AS - Sverige","isPartOf":{"@id":"https:\/\/www.aventia.no\/sv\/#website"},"datePublished":"2018-09-23T08:24:45+00:00","dateModified":"2019-12-10T09:37:15+00:00","author":{"@id":"https:\/\/www.aventia.no\/sv\/#\/schema\/person\/2ae2c1ff5fce8346647be2eb4fb84606"},"breadcrumb":{"@id":"https:\/\/www.aventia.no\/sv\/2018\/09\/23\/aventia-kommutv-kommek-malmo\/#breadcrumb"},"inLanguage":"sv-SE","potentialAction":[{"@type":"ReadAction","target":["https:\/\/www.aventia.no\/sv\/2018\/09\/23\/aventia-kommutv-kommek-malmo\/"]}]},{"@type":"BreadcrumbList","@id":"https:\/\/www.aventia.no\/sv\/2018\/09\/23\/aventia-kommutv-kommek-malmo\/#breadcrumb","itemListElement":[{"@type":"ListItem","position":1,"name":"Home","item":"https:\/\/www.aventia.no\/sv\/"},{"@type":"ListItem","position":2,"name":"Aventia KommuTV Kommek Malm\u00f6"}]},{"@type":"WebSite","@id":"https:\/\/www.aventia.no\/sv\/#website","url":"https:\/\/www.aventia.no\/sv\/","name":"Aventia AS - Sverige","description":"Streaming for everyone","potentialAction":[{"@type":"SearchAction","target":{"@type":"EntryPoint","urlTemplate":"https:\/\/www.aventia.no\/sv\/?s={search_term_string}"},"query-input":"required name=search_term_string"}],"inLanguage":"sv-SE"},{"@type":"Person","@id":"https:\/\/www.aventia.no\/sv\/#\/schema\/person\/2ae2c1ff5fce8346647be2eb4fb84606","name":"aventia","image":{"@type":"ImageObject","inLanguage":"sv-SE","@id":"https:\/\/www.aventia.no\/sv\/#\/schema\/person\/image\/","url":"https:\/\/secure.gravatar.com\/avatar\/ed8991526ac795e752ec5e965a1c6d6d?s=96&d=mm&r=g","contentUrl":"https:\/\/secure.gravatar.com\/avatar\/ed8991526ac795e752ec5e965a1c6d6d?s=96&d=mm&r=g","caption":"aventia"},"url":"https:\/\/www.aventia.no\/sv\/author\/aventia\/"}]}},"_links":{"self":[{"href":"https:\/\/www.aventia.no\/sv\/wp-json\/wp\/v2\/posts\/91"}],"collection":[{"href":"https:\/\/www.aventia.no\/sv\/wp-json\/wp\/v2\/posts"}],"about":[{"href":"https:\/\/www.aventia.no\/sv\/wp-json\/wp\/v2\/types\/post"}],"author":[{"embeddable":true,"href":"https:\/\/www.aventia.no\/sv\/wp-json\/wp\/v2\/users\/1"}],"replies":[{"embeddable":true,"href":"https:\/\/www.aventia.no\/sv\/wp-json\/wp\/v2\/comments?post=91"}],"version-history":[{"count":1,"href":"https:\/\/www.aventia.no\/sv\/wp-json\/wp\/v2\/posts\/91\/revisions"}],"predecessor-version":[{"id":93,"href":"https:\/\/www.aventia.no\/sv\/wp-json\/wp\/v2\/posts\/91\/revisions\/93"}],"wp:featuredmedia":[{"embeddable":true,"href":"https:\/\/www.aventia.no\/sv\/wp-json\/wp\/v2\/media\/92"}],"wp:attachment":[{"href":"https:\/\/www.aventia.no\/sv\/wp-json\/wp\/v2\/media?parent=91"}],"wp:term":[{"taxonomy":"category","embeddable":true,"href":"https:\/\/www.aventia.no\/sv\/wp-json\/wp\/v2\/categories?post=91"},{"taxonomy":"post_tag","embeddable":true,"href":"https:\/\/www.aventia.no\/sv\/wp-json\/wp\/v2\/tags?post=91"}],"curies":[{"name":"wp","href":"https:\/\/api.w.org\/{rel}","templated":true}]}}