{"id":2305,"date":"2026-01-27T14:29:00","date_gmt":"2026-01-27T13:29:00","guid":{"rendered":"https:\/\/www.aventia.no\/kommunetv\/?p=2305"},"modified":"2026-01-27T14:29:00","modified_gmt":"2026-01-27T13:29:00","slug":"vart-forste-webinar-og-definitivt-ikke-det-siste","status":"publish","type":"post","link":"https:\/\/www.aventia.no\/kommunetv\/2026\/01\/27\/vart-forste-webinar-og-definitivt-ikke-det-siste\/","title":{"rendered":"V\u00e5rt f\u00f8rste webinar \u2013 og definitivt ikke det siste"},"content":{"rendered":"<p>Denne uken gjennomf\u00f8rte vi v\u00e5rt aller f\u00f8rste webinar, hvor vi gikk gjennom nytt design og nye funksjoner i l\u00f8sningen. Det var f\u00f8rste gang vi pr\u00f8vde oss p\u00e5 dette formatet \u2013 og responsen overgikk forventningene v\u00e5re.<\/p>\n<p>Nesten <strong data-start=\"424\" data-end=\"441\">200 deltakere<\/strong> meldte seg p\u00e5 webinaret, og det synes vi er b\u00e5de g\u00f8y og veldig motiverende! Det bekrefter at det er stor interesse for b\u00e5de oppdateringene vi lanserer og for mer praktisk gjennomgang av l\u00f8sningen.<\/p>\n<p>Under webinaret gikk vi gjennom:<\/p>\n<ul data-start=\"673\" data-end=\"781\">\n<li data-start=\"673\" data-end=\"693\">det nye designet<\/li>\n<li data-start=\"694\" data-end=\"728\">nye funksjoner i siste versjon<\/li>\n<li data-start=\"729\" data-end=\"781\">tips til hvordan endringene kan brukes i praksis<\/li>\n<\/ul>\n<p data-start=\"783\" data-end=\"851\">Vi satte ogs\u00e5 stor pris p\u00e5 alle sp\u00f8rsm\u00e5lene som kom inn underveis.<\/p>\n<h2 style=\"margin-top: 100px;\">Se opptak av webinaret<\/h2>\n<p data-start=\"783\" data-end=\"851\">Fikk du ikke deltatt \u2013 eller \u00f8nsker du \u00e5 se webinaret p\u00e5 nytt? Du kan se opptaket her:<\/p>\n<style>.aovp-7f519f6a { position: relative; padding-bottom: 58.25%; height:0; overflow: hidden; max-width: 100%; }.aovp-7f519f6a iframe, .aovp-7f519f6a object, .aovp-7f519f6a embed { position: absolute; top: 0; left: 0; width: 100%; height: 100%; }<\/style><div class=\"aovp-7f519f6a\"><iframe frameborder=\"0\" allowtransparency=\"true\" scrolling=\"no\" style=\"border:0;\" allowfullscreen src=\"https:\/\/play.aventia.no\/embed\/archive\/195\"><\/iframe><\/div>\n<h2 style=\"margin-top: 100px;\">Flere webinarer kommer<\/h2>\n<p data-start=\"783\" data-end=\"851\">Dette var v\u00e5rt f\u00f8rste webinar, men absolutt ikke det siste. Vi \u00f8nsker \u00e5 bruke webinarer som en fast arena for oppl\u00e6ring, nyheter og erfaringsdeling fremover.<\/p>\n<p data-start=\"783\" data-end=\"851\">Har du <strong data-start=\"1195\" data-end=\"1216\">\u00f8nsker til temaer<\/strong> vi b\u00f8r ta opp i kommende webinarer? Eller har du <strong data-start=\"1268\" data-end=\"1288\">tilbakemeldinger<\/strong> p\u00e5 dette webinaret?<\/p>\n<p data-start=\"783\" data-end=\"851\">Send oss gjerne en e-post p\u00e5 <strong data-start=\"1339\" data-end=\"1367\">post@aventia.no<\/strong> \u2013 vi h\u00f8rer veldig gjerne fra deg.<\/p>\n<p data-start=\"783\" data-end=\"851\">Takk til alle som deltok, og p\u00e5 gjensyn i neste webinar!<\/p>\n","protected":false},"excerpt":{"rendered":"<p>Denne uken gjennomf\u00f8rte vi v\u00e5rt aller f\u00f8rste webinar, hvor vi gikk gjennom nytt design og nye funksjoner i l\u00f8sningen. Det var f\u00f8rste gang vi pr\u00f8vde oss p\u00e5 dette formatet \u2013 og responsen overgikk forventningene v\u00e5re. Nesten 200 deltakere meldte seg p\u00e5 webinaret, og det synes vi er b\u00e5de g\u00f8y og veldig motiverende! Det bekrefter at [&hellip;]<\/p>\n","protected":false},"author":7,"featured_media":2323,"comment_status":"closed","ping_status":"open","sticky":false,"template":"","format":"standard","meta":[],"categories":[1],"tags":[],"yoast_head":"<!-- This site is optimized with the Yoast SEO plugin v19.5.1 - https:\/\/yoast.com\/wordpress\/plugins\/seo\/ -->\r\n<title>V\u00e5rt f\u00f8rste webinar \u2013 og definitivt ikke det siste - KommuneTV | Aventia AS<\/title>\r\n<meta name=\"description\" content=\"KommuneTV | Aventia AS\" \/>\r\n<meta name=\"robots\" content=\"index, follow, max-snippet:-1, max-image-preview:large, max-video-preview:-1\" \/>\r\n<link rel=\"canonical\" href=\"https:\/\/www.aventia.no\/kommunetv\/2026\/01\/27\/vart-forste-webinar-og-definitivt-ikke-det-siste\/\" \/>\r\n<meta property=\"og:locale\" content=\"nb_NO\" \/>\r\n<meta property=\"og:type\" content=\"article\" \/>\r\n<meta property=\"og:title\" content=\"V\u00e5rt f\u00f8rste webinar \u2013 og definitivt ikke det siste - KommuneTV | Aventia AS\" \/>\r\n<meta property=\"og:description\" content=\"KommuneTV | Aventia AS\" \/>\r\n<meta property=\"og:url\" content=\"https:\/\/www.aventia.no\/kommunetv\/2026\/01\/27\/vart-forste-webinar-og-definitivt-ikke-det-siste\/\" \/>\r\n<meta property=\"og:site_name\" content=\"KommuneTV | Aventia AS\" \/>\r\n<meta property=\"article:publisher\" content=\"https:\/\/www.facebook.com\/aventiano\" \/>\r\n<meta property=\"article:published_time\" content=\"2026-01-27T13:29:00+00:00\" \/>\r\n<meta property=\"og:image\" content=\"https:\/\/www.aventia.no\/kommunetv\/wp-content\/uploads\/sites\/2\/2026\/01\/Teams-bakgrunn.png\" \/>\r\n\t<meta property=\"og:image:width\" content=\"1920\" \/>\r\n\t<meta property=\"og:image:height\" content=\"1080\" \/>\r\n\t<meta property=\"og:image:type\" content=\"image\/png\" \/>\r\n<meta name=\"author\" content=\"Michelle Gustavsen Pedersen\" \/>\r\n<meta name=\"twitter:card\" content=\"summary_large_image\" \/>\r\n<meta name=\"twitter:label1\" content=\"Skrevet av\" \/>\n\t<meta name=\"twitter:data1\" content=\"Michelle Gustavsen Pedersen\" \/>\n\t<meta name=\"twitter:label2\" content=\"Ansl. lesetid\" \/>\n\t<meta name=\"twitter:data2\" content=\"2 minutter\" \/>\r\n<script type=\"application\/ld+json\" class=\"yoast-schema-graph\">{\"@context\":\"https:\/\/schema.org\",\"@graph\":[{\"@type\":\"Article\",\"@id\":\"https:\/\/www.aventia.no\/kommunetv\/2026\/01\/27\/vart-forste-webinar-og-definitivt-ikke-det-siste\/#article\",\"isPartOf\":{\"@id\":\"https:\/\/www.aventia.no\/kommunetv\/2026\/01\/27\/vart-forste-webinar-og-definitivt-ikke-det-siste\/\"},\"author\":{\"name\":\"Michelle Gustavsen Pedersen\",\"@id\":\"https:\/\/www.aventia.no\/kommunetv\/#\/schema\/person\/f56a96914f0f7552c8397b73fe1020f6\"},\"headline\":\"V\u00e5rt f\u00f8rste webinar \u2013 og definitivt ikke det siste\",\"datePublished\":\"2026-01-27T13:29:00+00:00\",\"dateModified\":\"2026-01-27T13:29:00+00:00\",\"mainEntityOfPage\":{\"@id\":\"https:\/\/www.aventia.no\/kommunetv\/2026\/01\/27\/vart-forste-webinar-og-definitivt-ikke-det-siste\/\"},\"wordCount\":304,\"publisher\":{\"@id\":\"https:\/\/www.aventia.no\/kommunetv\/#organization\"},\"articleSection\":[\"Nyheter\"],\"inLanguage\":\"nb-NO\"},{\"@type\":\"WebPage\",\"@id\":\"https:\/\/www.aventia.no\/kommunetv\/2026\/01\/27\/vart-forste-webinar-og-definitivt-ikke-det-siste\/\",\"url\":\"https:\/\/www.aventia.no\/kommunetv\/2026\/01\/27\/vart-forste-webinar-og-definitivt-ikke-det-siste\/\",\"name\":\"V\u00e5rt f\u00f8rste webinar \u2013 og definitivt ikke det siste - KommuneTV | Aventia AS\",\"isPartOf\":{\"@id\":\"https:\/\/www.aventia.no\/kommunetv\/#website\"},\"datePublished\":\"2026-01-27T13:29:00+00:00\",\"dateModified\":\"2026-01-27T13:29:00+00:00\",\"description\":\"KommuneTV | Aventia AS\",\"breadcrumb\":{\"@id\":\"https:\/\/www.aventia.no\/kommunetv\/2026\/01\/27\/vart-forste-webinar-og-definitivt-ikke-det-siste\/#breadcrumb\"},\"inLanguage\":\"nb-NO\",\"potentialAction\":[{\"@type\":\"ReadAction\",\"target\":[\"https:\/\/www.aventia.no\/kommunetv\/2026\/01\/27\/vart-forste-webinar-og-definitivt-ikke-det-siste\/\"]}]},{\"@type\":\"BreadcrumbList\",\"@id\":\"https:\/\/www.aventia.no\/kommunetv\/2026\/01\/27\/vart-forste-webinar-og-definitivt-ikke-det-siste\/#breadcrumb\",\"itemListElement\":[{\"@type\":\"ListItem\",\"position\":1,\"name\":\"Hjem\",\"item\":\"https:\/\/www.aventia.no\/kommunetv\/\"},{\"@type\":\"ListItem\",\"position\":2,\"name\":\"V\u00e5rt f\u00f8rste webinar \u2013 og definitivt ikke det siste\"}]},{\"@type\":\"WebSite\",\"@id\":\"https:\/\/www.aventia.no\/kommunetv\/#website\",\"url\":\"https:\/\/www.aventia.no\/kommunetv\/\",\"name\":\"KommuneTV | Aventia AS\",\"description\":\"KommuneTV\",\"publisher\":{\"@id\":\"https:\/\/www.aventia.no\/kommunetv\/#organization\"},\"potentialAction\":[{\"@type\":\"SearchAction\",\"target\":{\"@type\":\"EntryPoint\",\"urlTemplate\":\"https:\/\/www.aventia.no\/kommunetv\/?s={search_term_string}\"},\"query-input\":\"required name=search_term_string\"}],\"inLanguage\":\"nb-NO\"},{\"@type\":\"Organization\",\"@id\":\"https:\/\/www.aventia.no\/kommunetv\/#organization\",\"name\":\"KommuneTV | Aventia AS\",\"url\":\"https:\/\/www.aventia.no\/kommunetv\/\",\"sameAs\":[\"https:\/\/www.linkedin.com\/company\/aventia-as\",\"https:\/\/www.facebook.com\/aventiano\"],\"logo\":{\"@type\":\"ImageObject\",\"inLanguage\":\"nb-NO\",\"@id\":\"https:\/\/www.aventia.no\/kommunetv\/#\/schema\/logo\/image\/\",\"url\":\"https:\/\/www.aventia.no\/kommunetv\/wp-content\/uploads\/sites\/2\/2022\/05\/aventia-email-logo.png\",\"contentUrl\":\"https:\/\/www.aventia.no\/kommunetv\/wp-content\/uploads\/sites\/2\/2022\/05\/aventia-email-logo.png\",\"width\":90,\"height\":90,\"caption\":\"KommuneTV | Aventia AS\"},\"image\":{\"@id\":\"https:\/\/www.aventia.no\/kommunetv\/#\/schema\/logo\/image\/\"}},{\"@type\":\"Person\",\"@id\":\"https:\/\/www.aventia.no\/kommunetv\/#\/schema\/person\/f56a96914f0f7552c8397b73fe1020f6\",\"name\":\"Michelle Gustavsen Pedersen\",\"url\":\"https:\/\/www.aventia.no\/kommunetv\/author\/michelle\/\"}]}<\/script>\r\n<!-- \/ Yoast SEO plugin. -->","yoast_head_json":{"title":"V\u00e5rt f\u00f8rste webinar \u2013 og definitivt ikke det siste - KommuneTV | Aventia AS","description":"KommuneTV | Aventia AS","robots":{"index":"index","follow":"follow","max-snippet":"max-snippet:-1","max-image-preview":"max-image-preview:large","max-video-preview":"max-video-preview:-1"},"canonical":"https:\/\/www.aventia.no\/kommunetv\/2026\/01\/27\/vart-forste-webinar-og-definitivt-ikke-det-siste\/","og_locale":"nb_NO","og_type":"article","og_title":"V\u00e5rt f\u00f8rste webinar \u2013 og definitivt ikke det siste - KommuneTV | Aventia AS","og_description":"KommuneTV | Aventia AS","og_url":"https:\/\/www.aventia.no\/kommunetv\/2026\/01\/27\/vart-forste-webinar-og-definitivt-ikke-det-siste\/","og_site_name":"KommuneTV | Aventia AS","article_publisher":"https:\/\/www.facebook.com\/aventiano","article_published_time":"2026-01-27T13:29:00+00:00","og_image":[{"width":1920,"height":1080,"url":"https:\/\/www.aventia.no\/kommunetv\/wp-content\/uploads\/sites\/2\/2026\/01\/Teams-bakgrunn.png","type":"image\/png"}],"author":"Michelle Gustavsen Pedersen","twitter_card":"summary_large_image","twitter_misc":{"Skrevet av":"Michelle Gustavsen Pedersen","Ansl. lesetid":"2 minutter"},"schema":{"@context":"https:\/\/schema.org","@graph":[{"@type":"Article","@id":"https:\/\/www.aventia.no\/kommunetv\/2026\/01\/27\/vart-forste-webinar-og-definitivt-ikke-det-siste\/#article","isPartOf":{"@id":"https:\/\/www.aventia.no\/kommunetv\/2026\/01\/27\/vart-forste-webinar-og-definitivt-ikke-det-siste\/"},"author":{"name":"Michelle Gustavsen Pedersen","@id":"https:\/\/www.aventia.no\/kommunetv\/#\/schema\/person\/f56a96914f0f7552c8397b73fe1020f6"},"headline":"V\u00e5rt f\u00f8rste webinar \u2013 og definitivt ikke det siste","datePublished":"2026-01-27T13:29:00+00:00","dateModified":"2026-01-27T13:29:00+00:00","mainEntityOfPage":{"@id":"https:\/\/www.aventia.no\/kommunetv\/2026\/01\/27\/vart-forste-webinar-og-definitivt-ikke-det-siste\/"},"wordCount":304,"publisher":{"@id":"https:\/\/www.aventia.no\/kommunetv\/#organization"},"articleSection":["Nyheter"],"inLanguage":"nb-NO"},{"@type":"WebPage","@id":"https:\/\/www.aventia.no\/kommunetv\/2026\/01\/27\/vart-forste-webinar-og-definitivt-ikke-det-siste\/","url":"https:\/\/www.aventia.no\/kommunetv\/2026\/01\/27\/vart-forste-webinar-og-definitivt-ikke-det-siste\/","name":"V\u00e5rt f\u00f8rste webinar \u2013 og definitivt ikke det siste - KommuneTV | Aventia AS","isPartOf":{"@id":"https:\/\/www.aventia.no\/kommunetv\/#website"},"datePublished":"2026-01-27T13:29:00+00:00","dateModified":"2026-01-27T13:29:00+00:00","description":"KommuneTV | Aventia AS","breadcrumb":{"@id":"https:\/\/www.aventia.no\/kommunetv\/2026\/01\/27\/vart-forste-webinar-og-definitivt-ikke-det-siste\/#breadcrumb"},"inLanguage":"nb-NO","potentialAction":[{"@type":"ReadAction","target":["https:\/\/www.aventia.no\/kommunetv\/2026\/01\/27\/vart-forste-webinar-og-definitivt-ikke-det-siste\/"]}]},{"@type":"BreadcrumbList","@id":"https:\/\/www.aventia.no\/kommunetv\/2026\/01\/27\/vart-forste-webinar-og-definitivt-ikke-det-siste\/#breadcrumb","itemListElement":[{"@type":"ListItem","position":1,"name":"Hjem","item":"https:\/\/www.aventia.no\/kommunetv\/"},{"@type":"ListItem","position":2,"name":"V\u00e5rt f\u00f8rste webinar \u2013 og definitivt ikke det siste"}]},{"@type":"WebSite","@id":"https:\/\/www.aventia.no\/kommunetv\/#website","url":"https:\/\/www.aventia.no\/kommunetv\/","name":"KommuneTV | Aventia AS","description":"KommuneTV","publisher":{"@id":"https:\/\/www.aventia.no\/kommunetv\/#organization"},"potentialAction":[{"@type":"SearchAction","target":{"@type":"EntryPoint","urlTemplate":"https:\/\/www.aventia.no\/kommunetv\/?s={search_term_string}"},"query-input":"required name=search_term_string"}],"inLanguage":"nb-NO"},{"@type":"Organization","@id":"https:\/\/www.aventia.no\/kommunetv\/#organization","name":"KommuneTV | Aventia AS","url":"https:\/\/www.aventia.no\/kommunetv\/","sameAs":["https:\/\/www.linkedin.com\/company\/aventia-as","https:\/\/www.facebook.com\/aventiano"],"logo":{"@type":"ImageObject","inLanguage":"nb-NO","@id":"https:\/\/www.aventia.no\/kommunetv\/#\/schema\/logo\/image\/","url":"https:\/\/www.aventia.no\/kommunetv\/wp-content\/uploads\/sites\/2\/2022\/05\/aventia-email-logo.png","contentUrl":"https:\/\/www.aventia.no\/kommunetv\/wp-content\/uploads\/sites\/2\/2022\/05\/aventia-email-logo.png","width":90,"height":90,"caption":"KommuneTV | Aventia AS"},"image":{"@id":"https:\/\/www.aventia.no\/kommunetv\/#\/schema\/logo\/image\/"}},{"@type":"Person","@id":"https:\/\/www.aventia.no\/kommunetv\/#\/schema\/person\/f56a96914f0f7552c8397b73fe1020f6","name":"Michelle Gustavsen Pedersen","url":"https:\/\/www.aventia.no\/kommunetv\/author\/michelle\/"}]}},"_links":{"self":[{"href":"https:\/\/www.aventia.no\/kommunetv\/wp-json\/wp\/v2\/posts\/2305"}],"collection":[{"href":"https:\/\/www.aventia.no\/kommunetv\/wp-json\/wp\/v2\/posts"}],"about":[{"href":"https:\/\/www.aventia.no\/kommunetv\/wp-json\/wp\/v2\/types\/post"}],"author":[{"embeddable":true,"href":"https:\/\/www.aventia.no\/kommunetv\/wp-json\/wp\/v2\/users\/7"}],"replies":[{"embeddable":true,"href":"https:\/\/www.aventia.no\/kommunetv\/wp-json\/wp\/v2\/comments?post=2305"}],"version-history":[{"count":19,"href":"https:\/\/www.aventia.no\/kommunetv\/wp-json\/wp\/v2\/posts\/2305\/revisions"}],"predecessor-version":[{"id":2331,"href":"https:\/\/www.aventia.no\/kommunetv\/wp-json\/wp\/v2\/posts\/2305\/revisions\/2331"}],"wp:featuredmedia":[{"embeddable":true,"href":"https:\/\/www.aventia.no\/kommunetv\/wp-json\/wp\/v2\/media\/2323"}],"wp:attachment":[{"href":"https:\/\/www.aventia.no\/kommunetv\/wp-json\/wp\/v2\/media?parent=2305"}],"wp:term":[{"taxonomy":"category","embeddable":true,"href":"https:\/\/www.aventia.no\/kommunetv\/wp-json\/wp\/v2\/categories?post=2305"},{"taxonomy":"post_tag","embeddable":true,"href":"https:\/\/www.aventia.no\/kommunetv\/wp-json\/wp\/v2\/tags?post=2305"}],"curies":[{"name":"wp","href":"https:\/\/api.w.org\/{rel}","templated":true}]}}