{"id":1817,"date":"2024-05-07T14:15:47","date_gmt":"2024-05-07T12:15:47","guid":{"rendered":"https:\/\/www.aventia.no\/kommunetv\/?p=1817"},"modified":"2024-05-07T15:26:24","modified_gmt":"2024-05-07T13:26:24","slug":"firstagenda-og-aventia-media-as-et-spennende-samarbeid","status":"publish","type":"post","link":"https:\/\/www.aventia.no\/kommunetv\/2024\/05\/07\/firstagenda-og-aventia-media-as-et-spennende-samarbeid\/","title":{"rendered":"FirstAgenda og Aventia Media AS: Et Spennende Samarbeid"},"content":{"rendered":"<p id=\"ember1250\" class=\"ember-view reader-content-blocks__paragraph\">Onsdag 13. mars fikk Aventia et hyggelig bes\u00f8k av v\u00e5re kommende kolleger fra det danske selskapet, <a class=\"app-aware-link \" href=\"https:\/\/www.linkedin.com\/company\/firstagenda\/\" data-test-app-aware-link=\"\">FirstAgenda<\/a>\u2013 og dagen ble en milep\u00e6l i Aventia sin historie! Vi kunngj\u00f8r, med stor glede, at FirstAgenda og Aventia Media AS har signert en samarbeidsavtale som \u00e5pner d\u00f8ren for et spennende partnerskap, og en fremtid med utallige muligheter for vekst og innovasjon.<\/p>\n<blockquote>\n<p class=\"ember-view reader-content-blocks__paragraph\">Jeg er veldig glad for \u00e5 samarbeide med FirstAgenda, og ser at vi har mange av de samme verdiene og at vi begge strekker oss langt for \u00e5 tilby helhetlige l\u00f8sninger til det beste for kunden. Dette ser jeg veldig frem til.<\/p>\n<p>\u2013 Kenneth Laumb, Sales &amp; Marketing Manager (Aventia)<\/p><\/blockquote>\n<h3 id=\"ember1254\" class=\"ember-view\"><strong>Inspirerende og produktiv dag<\/strong><\/h3>\n<p id=\"ember1255\" class=\"ember-view reader-content-blocks__paragraph\">Bes\u00f8ket fra FirstAgenda var sv\u00e6rt vellykket. Vi brukte tiden til \u00e5 legge planer sammen, samt utf\u00f8re utviklingsaktiviteter og markedsf\u00f8ringsaktiviteter. H\u00f8ydepunktet var selvf\u00f8lgelig signeringen av kontrakten som symboliserte starten p\u00e5 et spennende samarbeid. Til tross for den fullbookede agendaen, var stemningen preget av hyggelige samtaler, latter og en f\u00f8lelse av fellesskap som bidro til \u00e5 styrke b\u00e5ndene mellom oss. Alt i alt var det en minneverdig dag som markerer begynnelsen p\u00e5 et lovende partnerskap.<\/p>\n<div id=\"attachment_1830\" style=\"width: 5573px\" class=\"wp-caption aligncenter\"><img aria-describedby=\"caption-attachment-1830\" decoding=\"async\" class=\"wp-image-1830 size-full\" src=\"https:\/\/www.aventia.no\/kommunetv\/wp-content\/uploads\/sites\/2\/2024\/05\/DSC_0966.png\" alt=\"\" width=\"5563\" height=\"3603\" srcset=\"https:\/\/www.aventia.no\/kommunetv\/wp-content\/uploads\/sites\/2\/2024\/05\/DSC_0966-200x130.png 200w, https:\/\/www.aventia.no\/kommunetv\/wp-content\/uploads\/sites\/2\/2024\/05\/DSC_0966-300x194.png 300w, https:\/\/www.aventia.no\/kommunetv\/wp-content\/uploads\/sites\/2\/2024\/05\/DSC_0966-400x259.png 400w, https:\/\/www.aventia.no\/kommunetv\/wp-content\/uploads\/sites\/2\/2024\/05\/DSC_0966-600x389.png 600w, https:\/\/www.aventia.no\/kommunetv\/wp-content\/uploads\/sites\/2\/2024\/05\/DSC_0966-768x497.png 768w, https:\/\/www.aventia.no\/kommunetv\/wp-content\/uploads\/sites\/2\/2024\/05\/DSC_0966-800x518.png 800w, https:\/\/www.aventia.no\/kommunetv\/wp-content\/uploads\/sites\/2\/2024\/05\/DSC_0966-1200x777.png 1200w, https:\/\/www.aventia.no\/kommunetv\/wp-content\/uploads\/sites\/2\/2024\/05\/DSC_0966-1536x995.png 1536w, https:\/\/www.aventia.no\/kommunetv\/wp-content\/uploads\/sites\/2\/2024\/05\/DSC_0966-1668x1080.png 1668w, https:\/\/www.aventia.no\/kommunetv\/wp-content\/uploads\/sites\/2\/2024\/05\/DSC_0966.png 5563w\" sizes=\"(max-width: 5563px) 100vw, 5563px\" \/><p id=\"caption-attachment-1830\" class=\"wp-caption-text\"><em>F.v. Aleksander S\u00f8lvbj\u00e6rg Pedersen, Kristian Borgen.<\/em><\/p><\/div>\n<p id=\"ember1257\" class=\"ember-view reader-content-blocks__paragraph\">Dette partnerskapet betyr mye for oss i Aventia og gir oss sjansen til \u00e5 satse stort p\u00e5 det danske markedet, samt tilby en mer helhetlig l\u00f8sning for kommunene der. Vi ser frem til \u00e5 kunne tilby danske kommuner en samlet l\u00f8sning som vil gj\u00f8re m\u00f8teh\u00e5ndteringen mye enklere, mer effektiv og ikke minst tydeligere \u00e5penhet for innbyggerne.<\/p>\n<blockquote id=\"ember1258\" class=\"ember-view\"><p>Sammen med FirstAgenda har Aventia satt kursen mot suksess i det danske markedet. V\u00e5r visjon er \u00e5 bli banebrytende innen streaming til det offentlige i Danmark, og v\u00e5r partneravtale markerer en viktig milep\u00e6l p\u00e5 veien mot \u00e5 levere markedets mest s\u00f8ml\u00f8se str\u00f8mmeplattform.<\/p>\n<p>\u2013 Kristian Borgen, Chief Technical Officer (Aventia)<\/p><\/blockquote>\n<h3 id=\"ember1261\" class=\"ember-view\"><strong>FirstAgenda Prepare + Aventia OVP = Sant<\/strong><\/h3>\n<p id=\"ember1262\" class=\"ember-view reader-content-blocks__paragraph\">Partnerskapet mellom FirstAgenda og Aventia vil f\u00f8re til at det bli en rekke spennende endringer i m\u00e5ten danske kommuner administrerer m\u00f8ter p\u00e5 \u2013 spesielt med tanke p\u00e5 den unike integrasjonen mellom FirstAgenda Prepare og Aventia OVP. Kommuner vil n\u00e5 ha muligheten til \u00e5 hente inn politikernavn, politikeroppm\u00f8te, saker og annen viktig info direkte til Aventia OVP (Online Video Platform).<\/p>\n<p id=\"ember1263\" class=\"ember-view reader-content-blocks__paragraph\">Innbyggerne vil ogs\u00e5 kunne f\u00f8lge m\u00f8tene direkte, samtidig som de har mulighet til \u00e5 hente frem saksdokumentene, navigere i voteringsresultatene, f\u00f8lge debatten tett via politiker profilen, samt mye mer. Alt dette uten en eneste manuell prosess for kommunens administrasjon. Det vil si at alt som skjer i FirstAgenda Prepare vil bli direkte synkronisert med Aventia OVP.\u00a0I tillegg vil det bli enklere \u00e5 holde styr p\u00e5 alt som skjer under m\u00f8te ved hjelp av automatisert talerk\u00f8 og storskjermvisning av dette.<\/p>\n<blockquote id=\"ember1264\" class=\"ember-view\"><p>Vi er begeistret for v\u00e5rt nye samarbeid med Aventia AS, da vi deler de samme verdiene og fokuset p\u00e5 \u00e5 sette kunden f\u00f8rst. Sammen streber vi etter \u00e5 levere den helhetlige l\u00f8sningen for politiske m\u00f8ter som skaper reell verdi for v\u00e5re kunder og deres borgere.<\/p>\n<p>\u2013 Aleksander Pedersen, Head og Sales &amp; Partnership (FirstAgenda)<\/p><\/blockquote>\n<div class=\"reader-image-block reader-image-block--full-width\">\n<div class=\"ivm-image-view-model \">\n<div class=\"ivm-view-attr__img-wrapper display-flex\">\n<div id=\"attachment_1831\" style=\"width: 5898px\" class=\"wp-caption aligncenter\"><img aria-describedby=\"caption-attachment-1831\" decoding=\"async\" class=\"wp-image-1831 size-full\" src=\"https:\/\/www.aventia.no\/kommunetv\/wp-content\/uploads\/sites\/2\/2024\/05\/DSC_0981.png\" alt=\"\" width=\"5888\" height=\"2596\" srcset=\"https:\/\/www.aventia.no\/kommunetv\/wp-content\/uploads\/sites\/2\/2024\/05\/DSC_0981-200x88.png 200w, https:\/\/www.aventia.no\/kommunetv\/wp-content\/uploads\/sites\/2\/2024\/05\/DSC_0981-300x132.png 300w, https:\/\/www.aventia.no\/kommunetv\/wp-content\/uploads\/sites\/2\/2024\/05\/DSC_0981-400x176.png 400w, https:\/\/www.aventia.no\/kommunetv\/wp-content\/uploads\/sites\/2\/2024\/05\/DSC_0981-600x265.png 600w, https:\/\/www.aventia.no\/kommunetv\/wp-content\/uploads\/sites\/2\/2024\/05\/DSC_0981-768x339.png 768w, https:\/\/www.aventia.no\/kommunetv\/wp-content\/uploads\/sites\/2\/2024\/05\/DSC_0981-800x353.png 800w, https:\/\/www.aventia.no\/kommunetv\/wp-content\/uploads\/sites\/2\/2024\/05\/DSC_0981-1200x529.png 1200w, https:\/\/www.aventia.no\/kommunetv\/wp-content\/uploads\/sites\/2\/2024\/05\/DSC_0981-1536x677.png 1536w, https:\/\/www.aventia.no\/kommunetv\/wp-content\/uploads\/sites\/2\/2024\/05\/DSC_0981-1920x847.png 1920w, https:\/\/www.aventia.no\/kommunetv\/wp-content\/uploads\/sites\/2\/2024\/05\/DSC_0981.png 5888w\" sizes=\"(max-width: 5888px) 100vw, 5888px\" \/><p id=\"caption-attachment-1831\" class=\"wp-caption-text\"><em>F.v. Marius Berg-Stor\u00f8y, Maria Brandt Bertelsen, Kristian Borgen, Thomas Bj\u00e4llhag, Kenneth Laumb, Aleksander S\u00f8lvbj\u00e6rg Pedersen.<\/em><\/p><\/div>\n<\/div>\n<\/div>\n<h6 class=\"reader-image-block__figure\"><\/h6>\n<\/div>\n<p id=\"ember1269\" class=\"ember-view reader-content-blocks__paragraph\">Vi er ogs\u00e5 stolte av \u00e5 kunne tilby en fullstendig integrert l\u00f8sning med mikrofonsystemer. Dette utstyret er helt tr\u00e5dl\u00f8st og enkelt \u00e5 bruke, og det st\u00f8tter opptil 125 politikerpaneler\/mikrofoner. Med denne funksjonaliteten blir det enklere enn noensinne \u00e5 administrere mikrofonbruk under m\u00f8tene<\/p>\n<p>&nbsp;<\/p>\n<h3 id=\"ember1271\" class=\"ember-view\"><strong>Digitaliseringsmessen 2024<\/strong><\/h3>\n<p id=\"ember1272\" class=\"ember-view reader-content-blocks__paragraph\">Vi \u00f8nsker til slutt \u00e5 nevne at Aventia deltar p\u00e5 Digitaliseringsmessen i Odense Congress Center den 25. september 2024. Der vil vi vise frem de nye l\u00f8sningene v\u00e5re og fortelle mer om dette spennende partnerskapet med FirstAgenda.<\/p>\n","protected":false},"excerpt":{"rendered":"<p>Onsdag 13. mars fikk Aventia et hyggelig bes\u00f8k av v\u00e5re kommende kolleger fra det danske selskapet, FirstAgenda\u2013 og dagen ble en milep\u00e6l i Aventia sin historie! Vi kunngj\u00f8r, med stor glede, at FirstAgenda og Aventia Media AS har signert en samarbeidsavtale som \u00e5pner d\u00f8ren for et spennende partnerskap, og en fremtid med utallige muligheter for [&hellip;]<\/p>\n","protected":false},"author":7,"featured_media":1822,"comment_status":"closed","ping_status":"open","sticky":false,"template":"","format":"standard","meta":[],"categories":[1],"tags":[],"yoast_head":"<!-- This site is optimized with the Yoast SEO plugin v19.5.1 - https:\/\/yoast.com\/wordpress\/plugins\/seo\/ -->\r\n<title>FirstAgenda og Aventia Media AS: Et Spennende Samarbeid - KommuneTV | Aventia AS<\/title>\r\n<meta name=\"description\" content=\"KommuneTV | Aventia AS\" \/>\r\n<meta name=\"robots\" content=\"index, follow, max-snippet:-1, max-image-preview:large, max-video-preview:-1\" \/>\r\n<link rel=\"canonical\" href=\"https:\/\/www.aventia.no\/kommunetv\/2024\/05\/07\/firstagenda-og-aventia-media-as-et-spennende-samarbeid\/\" \/>\r\n<meta property=\"og:locale\" content=\"nb_NO\" \/>\r\n<meta property=\"og:type\" content=\"article\" \/>\r\n<meta property=\"og:title\" content=\"FirstAgenda og Aventia Media AS: Et Spennende Samarbeid - KommuneTV | Aventia AS\" \/>\r\n<meta property=\"og:description\" content=\"KommuneTV | Aventia AS\" \/>\r\n<meta property=\"og:url\" content=\"https:\/\/www.aventia.no\/kommunetv\/2024\/05\/07\/firstagenda-og-aventia-media-as-et-spennende-samarbeid\/\" \/>\r\n<meta property=\"og:site_name\" content=\"KommuneTV | Aventia AS\" \/>\r\n<meta property=\"article:publisher\" content=\"https:\/\/www.facebook.com\/aventiano\" \/>\r\n<meta property=\"article:published_time\" content=\"2024-05-07T12:15:47+00:00\" \/>\r\n<meta property=\"article:modified_time\" content=\"2024-05-07T13:26:24+00:00\" \/>\r\n<meta property=\"og:image\" content=\"https:\/\/www.aventia.no\/kommunetv\/wp-content\/uploads\/sites\/2\/2024\/05\/Gruppebilde-768x457.png\" \/>\r\n\t<meta property=\"og:image:width\" content=\"768\" \/>\r\n\t<meta property=\"og:image:height\" content=\"457\" \/>\r\n\t<meta property=\"og:image:type\" content=\"image\/png\" \/>\r\n<meta name=\"author\" content=\"Michelle Gustavsen Pedersen\" \/>\r\n<meta name=\"twitter:card\" content=\"summary_large_image\" \/>\r\n<meta name=\"twitter:label1\" content=\"Skrevet av\" \/>\n\t<meta name=\"twitter:data1\" content=\"Michelle Gustavsen Pedersen\" \/>\n\t<meta name=\"twitter:label2\" content=\"Ansl. lesetid\" \/>\n\t<meta name=\"twitter:data2\" content=\"4 minutter\" \/>\r\n<script type=\"application\/ld+json\" class=\"yoast-schema-graph\">{\"@context\":\"https:\/\/schema.org\",\"@graph\":[{\"@type\":\"Article\",\"@id\":\"https:\/\/www.aventia.no\/kommunetv\/2024\/05\/07\/firstagenda-og-aventia-media-as-et-spennende-samarbeid\/#article\",\"isPartOf\":{\"@id\":\"https:\/\/www.aventia.no\/kommunetv\/2024\/05\/07\/firstagenda-og-aventia-media-as-et-spennende-samarbeid\/\"},\"author\":{\"name\":\"Michelle Gustavsen Pedersen\",\"@id\":\"https:\/\/www.aventia.no\/kommunetv\/#\/schema\/person\/f56a96914f0f7552c8397b73fe1020f6\"},\"headline\":\"FirstAgenda og Aventia Media AS: Et Spennende Samarbeid\",\"datePublished\":\"2024-05-07T12:15:47+00:00\",\"dateModified\":\"2024-05-07T13:26:24+00:00\",\"mainEntityOfPage\":{\"@id\":\"https:\/\/www.aventia.no\/kommunetv\/2024\/05\/07\/firstagenda-og-aventia-media-as-et-spennende-samarbeid\/\"},\"wordCount\":666,\"publisher\":{\"@id\":\"https:\/\/www.aventia.no\/kommunetv\/#organization\"},\"articleSection\":[\"Nyheter\"],\"inLanguage\":\"nb-NO\"},{\"@type\":\"WebPage\",\"@id\":\"https:\/\/www.aventia.no\/kommunetv\/2024\/05\/07\/firstagenda-og-aventia-media-as-et-spennende-samarbeid\/\",\"url\":\"https:\/\/www.aventia.no\/kommunetv\/2024\/05\/07\/firstagenda-og-aventia-media-as-et-spennende-samarbeid\/\",\"name\":\"FirstAgenda og Aventia Media AS: Et Spennende Samarbeid - KommuneTV | Aventia AS\",\"isPartOf\":{\"@id\":\"https:\/\/www.aventia.no\/kommunetv\/#website\"},\"datePublished\":\"2024-05-07T12:15:47+00:00\",\"dateModified\":\"2024-05-07T13:26:24+00:00\",\"description\":\"KommuneTV | Aventia AS\",\"breadcrumb\":{\"@id\":\"https:\/\/www.aventia.no\/kommunetv\/2024\/05\/07\/firstagenda-og-aventia-media-as-et-spennende-samarbeid\/#breadcrumb\"},\"inLanguage\":\"nb-NO\",\"potentialAction\":[{\"@type\":\"ReadAction\",\"target\":[\"https:\/\/www.aventia.no\/kommunetv\/2024\/05\/07\/firstagenda-og-aventia-media-as-et-spennende-samarbeid\/\"]}]},{\"@type\":\"BreadcrumbList\",\"@id\":\"https:\/\/www.aventia.no\/kommunetv\/2024\/05\/07\/firstagenda-og-aventia-media-as-et-spennende-samarbeid\/#breadcrumb\",\"itemListElement\":[{\"@type\":\"ListItem\",\"position\":1,\"name\":\"Hjem\",\"item\":\"https:\/\/www.aventia.no\/kommunetv\/\"},{\"@type\":\"ListItem\",\"position\":2,\"name\":\"FirstAgenda og Aventia Media AS: Et Spennende Samarbeid\"}]},{\"@type\":\"WebSite\",\"@id\":\"https:\/\/www.aventia.no\/kommunetv\/#website\",\"url\":\"https:\/\/www.aventia.no\/kommunetv\/\",\"name\":\"KommuneTV | Aventia AS\",\"description\":\"KommuneTV\",\"publisher\":{\"@id\":\"https:\/\/www.aventia.no\/kommunetv\/#organization\"},\"potentialAction\":[{\"@type\":\"SearchAction\",\"target\":{\"@type\":\"EntryPoint\",\"urlTemplate\":\"https:\/\/www.aventia.no\/kommunetv\/?s={search_term_string}\"},\"query-input\":\"required name=search_term_string\"}],\"inLanguage\":\"nb-NO\"},{\"@type\":\"Organization\",\"@id\":\"https:\/\/www.aventia.no\/kommunetv\/#organization\",\"name\":\"KommuneTV | Aventia AS\",\"url\":\"https:\/\/www.aventia.no\/kommunetv\/\",\"sameAs\":[\"https:\/\/www.linkedin.com\/company\/aventia-as\",\"https:\/\/www.facebook.com\/aventiano\"],\"logo\":{\"@type\":\"ImageObject\",\"inLanguage\":\"nb-NO\",\"@id\":\"https:\/\/www.aventia.no\/kommunetv\/#\/schema\/logo\/image\/\",\"url\":\"https:\/\/www.aventia.no\/kommunetv\/wp-content\/uploads\/sites\/2\/2022\/05\/aventia-email-logo.png\",\"contentUrl\":\"https:\/\/www.aventia.no\/kommunetv\/wp-content\/uploads\/sites\/2\/2022\/05\/aventia-email-logo.png\",\"width\":90,\"height\":90,\"caption\":\"KommuneTV | Aventia AS\"},\"image\":{\"@id\":\"https:\/\/www.aventia.no\/kommunetv\/#\/schema\/logo\/image\/\"}},{\"@type\":\"Person\",\"@id\":\"https:\/\/www.aventia.no\/kommunetv\/#\/schema\/person\/f56a96914f0f7552c8397b73fe1020f6\",\"name\":\"Michelle Gustavsen Pedersen\",\"url\":\"https:\/\/www.aventia.no\/kommunetv\/author\/michelle\/\"}]}<\/script>\r\n<!-- \/ Yoast SEO plugin. -->","yoast_head_json":{"title":"FirstAgenda og Aventia Media AS: Et Spennende Samarbeid - KommuneTV | Aventia AS","description":"KommuneTV | Aventia AS","robots":{"index":"index","follow":"follow","max-snippet":"max-snippet:-1","max-image-preview":"max-image-preview:large","max-video-preview":"max-video-preview:-1"},"canonical":"https:\/\/www.aventia.no\/kommunetv\/2024\/05\/07\/firstagenda-og-aventia-media-as-et-spennende-samarbeid\/","og_locale":"nb_NO","og_type":"article","og_title":"FirstAgenda og Aventia Media AS: Et Spennende Samarbeid - KommuneTV | Aventia AS","og_description":"KommuneTV | Aventia AS","og_url":"https:\/\/www.aventia.no\/kommunetv\/2024\/05\/07\/firstagenda-og-aventia-media-as-et-spennende-samarbeid\/","og_site_name":"KommuneTV | Aventia AS","article_publisher":"https:\/\/www.facebook.com\/aventiano","article_published_time":"2024-05-07T12:15:47+00:00","article_modified_time":"2024-05-07T13:26:24+00:00","og_image":[{"width":768,"height":457,"url":"https:\/\/www.aventia.no\/kommunetv\/wp-content\/uploads\/sites\/2\/2024\/05\/Gruppebilde-768x457.png","type":"image\/png"}],"author":"Michelle Gustavsen Pedersen","twitter_card":"summary_large_image","twitter_misc":{"Skrevet av":"Michelle Gustavsen Pedersen","Ansl. lesetid":"4 minutter"},"schema":{"@context":"https:\/\/schema.org","@graph":[{"@type":"Article","@id":"https:\/\/www.aventia.no\/kommunetv\/2024\/05\/07\/firstagenda-og-aventia-media-as-et-spennende-samarbeid\/#article","isPartOf":{"@id":"https:\/\/www.aventia.no\/kommunetv\/2024\/05\/07\/firstagenda-og-aventia-media-as-et-spennende-samarbeid\/"},"author":{"name":"Michelle Gustavsen Pedersen","@id":"https:\/\/www.aventia.no\/kommunetv\/#\/schema\/person\/f56a96914f0f7552c8397b73fe1020f6"},"headline":"FirstAgenda og Aventia Media AS: Et Spennende Samarbeid","datePublished":"2024-05-07T12:15:47+00:00","dateModified":"2024-05-07T13:26:24+00:00","mainEntityOfPage":{"@id":"https:\/\/www.aventia.no\/kommunetv\/2024\/05\/07\/firstagenda-og-aventia-media-as-et-spennende-samarbeid\/"},"wordCount":666,"publisher":{"@id":"https:\/\/www.aventia.no\/kommunetv\/#organization"},"articleSection":["Nyheter"],"inLanguage":"nb-NO"},{"@type":"WebPage","@id":"https:\/\/www.aventia.no\/kommunetv\/2024\/05\/07\/firstagenda-og-aventia-media-as-et-spennende-samarbeid\/","url":"https:\/\/www.aventia.no\/kommunetv\/2024\/05\/07\/firstagenda-og-aventia-media-as-et-spennende-samarbeid\/","name":"FirstAgenda og Aventia Media AS: Et Spennende Samarbeid - KommuneTV | Aventia AS","isPartOf":{"@id":"https:\/\/www.aventia.no\/kommunetv\/#website"},"datePublished":"2024-05-07T12:15:47+00:00","dateModified":"2024-05-07T13:26:24+00:00","description":"KommuneTV | Aventia AS","breadcrumb":{"@id":"https:\/\/www.aventia.no\/kommunetv\/2024\/05\/07\/firstagenda-og-aventia-media-as-et-spennende-samarbeid\/#breadcrumb"},"inLanguage":"nb-NO","potentialAction":[{"@type":"ReadAction","target":["https:\/\/www.aventia.no\/kommunetv\/2024\/05\/07\/firstagenda-og-aventia-media-as-et-spennende-samarbeid\/"]}]},{"@type":"BreadcrumbList","@id":"https:\/\/www.aventia.no\/kommunetv\/2024\/05\/07\/firstagenda-og-aventia-media-as-et-spennende-samarbeid\/#breadcrumb","itemListElement":[{"@type":"ListItem","position":1,"name":"Hjem","item":"https:\/\/www.aventia.no\/kommunetv\/"},{"@type":"ListItem","position":2,"name":"FirstAgenda og Aventia Media AS: Et Spennende Samarbeid"}]},{"@type":"WebSite","@id":"https:\/\/www.aventia.no\/kommunetv\/#website","url":"https:\/\/www.aventia.no\/kommunetv\/","name":"KommuneTV | Aventia AS","description":"KommuneTV","publisher":{"@id":"https:\/\/www.aventia.no\/kommunetv\/#organization"},"potentialAction":[{"@type":"SearchAction","target":{"@type":"EntryPoint","urlTemplate":"https:\/\/www.aventia.no\/kommunetv\/?s={search_term_string}"},"query-input":"required name=search_term_string"}],"inLanguage":"nb-NO"},{"@type":"Organization","@id":"https:\/\/www.aventia.no\/kommunetv\/#organization","name":"KommuneTV | Aventia AS","url":"https:\/\/www.aventia.no\/kommunetv\/","sameAs":["https:\/\/www.linkedin.com\/company\/aventia-as","https:\/\/www.facebook.com\/aventiano"],"logo":{"@type":"ImageObject","inLanguage":"nb-NO","@id":"https:\/\/www.aventia.no\/kommunetv\/#\/schema\/logo\/image\/","url":"https:\/\/www.aventia.no\/kommunetv\/wp-content\/uploads\/sites\/2\/2022\/05\/aventia-email-logo.png","contentUrl":"https:\/\/www.aventia.no\/kommunetv\/wp-content\/uploads\/sites\/2\/2022\/05\/aventia-email-logo.png","width":90,"height":90,"caption":"KommuneTV | Aventia AS"},"image":{"@id":"https:\/\/www.aventia.no\/kommunetv\/#\/schema\/logo\/image\/"}},{"@type":"Person","@id":"https:\/\/www.aventia.no\/kommunetv\/#\/schema\/person\/f56a96914f0f7552c8397b73fe1020f6","name":"Michelle Gustavsen Pedersen","url":"https:\/\/www.aventia.no\/kommunetv\/author\/michelle\/"}]}},"_links":{"self":[{"href":"https:\/\/www.aventia.no\/kommunetv\/wp-json\/wp\/v2\/posts\/1817"}],"collection":[{"href":"https:\/\/www.aventia.no\/kommunetv\/wp-json\/wp\/v2\/posts"}],"about":[{"href":"https:\/\/www.aventia.no\/kommunetv\/wp-json\/wp\/v2\/types\/post"}],"author":[{"embeddable":true,"href":"https:\/\/www.aventia.no\/kommunetv\/wp-json\/wp\/v2\/users\/7"}],"replies":[{"embeddable":true,"href":"https:\/\/www.aventia.no\/kommunetv\/wp-json\/wp\/v2\/comments?post=1817"}],"version-history":[{"count":17,"href":"https:\/\/www.aventia.no\/kommunetv\/wp-json\/wp\/v2\/posts\/1817\/revisions"}],"predecessor-version":[{"id":1837,"href":"https:\/\/www.aventia.no\/kommunetv\/wp-json\/wp\/v2\/posts\/1817\/revisions\/1837"}],"wp:featuredmedia":[{"embeddable":true,"href":"https:\/\/www.aventia.no\/kommunetv\/wp-json\/wp\/v2\/media\/1822"}],"wp:attachment":[{"href":"https:\/\/www.aventia.no\/kommunetv\/wp-json\/wp\/v2\/media?parent=1817"}],"wp:term":[{"taxonomy":"category","embeddable":true,"href":"https:\/\/www.aventia.no\/kommunetv\/wp-json\/wp\/v2\/categories?post=1817"},{"taxonomy":"post_tag","embeddable":true,"href":"https:\/\/www.aventia.no\/kommunetv\/wp-json\/wp\/v2\/tags?post=1817"}],"curies":[{"name":"wp","href":"https:\/\/api.w.org\/{rel}","templated":true}]}}